{"id":3430,"date":"2020-05-12T13:00:18","date_gmt":"2020-05-12T13:00:18","guid":{"rendered":"https:\/\/compremor.com\/reapertura-de-las-tiendas-comprem-or-en-cataluna\/"},"modified":"2020-05-12T13:00:18","modified_gmt":"2020-05-12T13:00:18","slug":"reapertura-de-las-tiendas-comprem-or-en-cataluna","status":"publish","type":"post","link":"https:\/\/compremor.com\/ca\/reapertura-de-las-tiendas-comprem-or-en-cataluna\/","title":{"rendered":"Reapertura de las tiendas Comprem Or en Catalu\u00f1a"},"content":{"rendered":"<blockquote><p>Tras m\u00e1s de cincuenta d\u00edas de confinamiento y de acuerdo con las directrices gubernamentales de desescalada, <strong>el lunes 11 de mayo<\/strong>, los establecimientos de <strong>Comprem Or en Catalu\u00f1a<\/strong> han vuelto a abrir sus puertas al p\u00fablico, en su <strong>horario habitual<\/strong>. Lo han hecho garantizando las m\u00e1ximas <strong>medidas de higiene y seguridad<\/strong>, siempre con el \u00fanico objetivo de brindar la m\u00e1xima <strong>confianza y tranquilidad a todos sus clientes<\/strong>.<\/p><\/blockquote>\n<h2><\/h2>\n<h2>El mismo trato cercano y personalizado, pero con la m\u00e1xima seguridad e higiene<\/h2>\n<p>Siguiendo las premisas emitidas por el gobierno central, desde 11 de mayo todas nuestras tiendas vuelven a estar abiertas al p\u00fablico en su horario habitual, reservando un horario de atenci\u00f3n especial para los clientes <b>mayores de 65 a\u00f1os<\/b>, debido a su situaci\u00f3n de mayor vulnerabilidad al <b>COVID-19<\/b>. Adem\u00e1s, continuamos ofreciendo una atenci\u00f3n individualizada, como lo hemos hecho siempre, pero brindando las distancias de seguridad establecidas por el gobierno de acuerdo con esta <b>FASE 0,5<\/b> de <b>desescalada<\/b>, en la que nos encontramos en este momento.<\/p>\n<p>Por lo que respecta a las <b>medidas de cumplimiento sanitario<\/b>, hemos puesto a disposici\u00f3n de todos los clientes tanto <b>gel hidroalcoh\u00f3lico<\/b> como <b>guantes<\/b> de un solo uso antes de acceder a los establecimientos, que pueden desechar justo antes de salir de los mismos en <b>papeleras espec\u00edficas<\/b>. Dentro de las instalaciones, se garantiza la seguridad de los clientes mediante <b>mamparas<\/b> e <b>indicadores<\/b> para mantener la <b>distancia interpersonal<\/b> en el interior de los locales. Por supuesto, se garantiza la <b>desinfecci\u00f3n<\/b> y <b>limpieza peri\u00f3dica<\/b> e intensiva de todo el local de forma diaria.<\/p>\n<p><a href=\"http:\/\/compremor.com\/wp-content\/uploads\/2020\/05\/person-in-white-long-sleeve-shirt-holding-clear-bottle-3962516-scaled.jpg\" data-elementor-open-lightbox=\"yes\" data-elementor-lightbox-slideshow=\"30debad\"><br \/>\n<img decoding=\"async\" src=\"http:\/\/compremor.com\/wp-content\/uploads\/2020\/05\/person-in-white-long-sleeve-shirt-holding-clear-bottle-3962516-683x1024.jpg\" alt=\"person-in-white-long-sleeve-shirt-holding-clear-bottle-3962516\" data-width=\"683\" data-height=\"1024\" \/><br \/>\n<\/a><\/p>\n<h2>\u00bfQu\u00e9 servicios ofrecemos en nuestras tiendas?<\/h2>\n<p>Los servicios a disposici\u00f3n de los clientes siguen siendo los mismos. Desde la <b>compra <\/b>y <b>venta<\/b> <b>de<\/b> <b>oro<\/b>, <b>plata<\/b>, <b>diamantes<\/b>, <b>relojes<\/b> u otras <b>joyas<\/b> o <b>piedras preciosas<\/b>, hasta el servicio de <b>valoraci\u00f3n<\/b> de <b>herencias<\/b>. Como ya hemos comentado, cualquier tipo de servicio estar\u00e1 condicionado a las indicaciones ofrecidas por el gobierno para asegurar as\u00ed la m\u00e1xima higiene y seguridad tanto de trabajadores como de usuarios.<\/p>\n<h2>El compromiso con nuestros trabajadores y nuestros clientes<\/h2>\n<p>El <b>equipo<\/b> de <b>t\u00e9cnicos especialistas<\/b> de <b>Comprem Or<\/b> sigue siendo el responsable de asesorar, guiar y atender a los clientes, garantizando de la misma forma su propia seguridad a la hora de realizar su jornada laboral. Siguiendo siempre las <b>directrices gubernamentales y<\/b> con la meta de que la actual situaci\u00f3n se revierta progresivamente y se alcance la <b>nueva normalidad<\/b>, iremos adaptando todas y cada una de las medidas brindadas por el gobierno seg\u00fan la <b>fase <\/b>de<b> desescalada<\/b> en la que nos encontremos.<\/p>\n<h4 style=\"text-align: center;\">Tras los momentos de incertidumbre vividos y pese a estar a\u00fan en estado de alarma, en <b>Comprem Or <\/b>estamos preparados para volver a abrir las puertas a nuestros clientes, pero sobretodo, a hacerlo con las <b>m\u00e1ximas garant\u00edas<\/b> de <b>salubridad<\/b> y <b>seguridad<\/b>. Si tienes alguna duda respecto a esta nueva situaci\u00f3n o necesitas aclarar cualquier informaci\u00f3n estamos a tu entera disposici\u00f3n. Por favor no dudes a escribir un comentario o contactarnos v\u00eda correo electr\u00f3nico o tel\u00e9fono.<\/h4>\n<p><img decoding=\"async\" class=\"aligncenter\" src=\"http:\/\/compremor.com\/wp-content\/uploads\/2020\/03\/anillos_oro-1024x625.jpg\" sizes=\"(max-width: 1024px) 100vw, 1024px\" srcset=\"http:\/\/compremor.com\/wp-content\/uploads\/2020\/03\/anillos_oro-1024x625.jpg 1024w, http:\/\/compremor.com\/wp-content\/uploads\/2020\/03\/anillos_oro-300x183.jpg 300w, http:\/\/compremor.com\/wp-content\/uploads\/2020\/03\/anillos_oro-768x469.jpg 768w, http:\/\/compremor.com\/wp-content\/uploads\/2020\/03\/anillos_oro-1536x938.jpg 1536w, http:\/\/compremor.com\/wp-content\/uploads\/2020\/03\/anillos_oro.jpg 1600w\" alt=\"\" width=\"1024\" height=\"625\" \/><\/p>\n<h2>Duscubra su tienda m\u00e1s cercana de comprem or<\/h2>\n<p>Consulta nuestro <a href=\"https:\/\/compremor.com\/ca\/contacta-amb-comprem-or\/\">listado de tiendas<\/a> y encuentra la m\u00e1s cercana a tu localidad.<\/p>\n<p>Puedes <a href=\"https:\/\/compremor.com\/ca\/contacta-amb-comprem-or\/\">contactar con nosotros<\/a> a trav\u00e9s de este formulario web, o de nuestro correo electr\u00f3nico <a style=\"color: #000000; text-decoration: underline;\" href=\"mailto:info@compremor.es\" target=\"_blank\" rel=\"noopener noreferrer\">info@compremor.es<\/a>.<\/p>\n<p>Nuestros especialistas resolver\u00e1n todas tus dudas sobre c\u00f3mo vender oro y tambi\u00e9n podr\u00e1n localizarte el establecimiento m\u00e1s cercano a ti o concertarte una visita privada.<\/p>\n<h4>Para m\u00e1s informaci\u00f3n, ll\u00e1manos por tel\u00e9fono al +34 934 878 749<\/h4>\n","protected":false},"excerpt":{"rendered":"<p>Tras m\u00e1s de cincuenta d\u00edas de confinamiento y de acuerdo con las directrices gubernamentales de desescalada, el lunes 11 de mayo, los establecimientos de Comprem Or han vuelto a abrir sus puertas al p\u00fablico, en su horario habitual y con cita previa. <\/p>\n","protected":false},"author":1,"featured_media":2907,"comment_status":"closed","ping_status":"open","sticky":false,"template":"","format":"standard","meta":{"_acf_changed":false,"_joinchat":[],"footnotes":""},"categories":[39],"tags":[40,41,42,43,44],"class_list":["post-3430","post","type-post","status-publish","format-standard","has-post-thumbnail","hentry","category-noticias-ca","tag-coronavirus-ca","tag-covid-19-ca","tag-oro-ca","tag-pandemia-ca","tag-previsiones-ca"],"acf":[],"yoast_head":"<!-- This site is optimized with the Yoast SEO plugin v26.3 - https:\/\/yoast.com\/wordpress\/plugins\/seo\/ -->\n<title>Reapertura de las tiendas Comprem Or en Catalu\u00f1a - Comprem Or<\/title>\n<meta name=\"description\" content=\"Tras la incertidumbre y pese a estar a\u00fan en estado de alarma, las tiendas de Comprem Or est\u00e1n preparadas para velar por su seguridad.\" \/>\n<meta name=\"robots\" content=\"index, follow, max-snippet:-1, max-image-preview:large, max-video-preview:-1\" \/>\n<link rel=\"canonical\" href=\"https:\/\/compremor.com\/ca\/reapertura-de-las-tiendas-comprem-or-en-cataluna\/\" \/>\n<meta property=\"og:locale\" content=\"ca_ES\" \/>\n<meta property=\"og:type\" content=\"article\" \/>\n<meta property=\"og:title\" content=\"Reapertura de las tiendas Comprem Or en Catalu\u00f1a - Comprem Or\" \/>\n<meta property=\"og:description\" content=\"Tras la incertidumbre y pese a estar a\u00fan en estado de alarma, las tiendas de Comprem Or est\u00e1n preparadas para velar por su seguridad.\" \/>\n<meta property=\"og:url\" content=\"https:\/\/compremor.com\/ca\/reapertura-de-las-tiendas-comprem-or-en-cataluna\/\" \/>\n<meta property=\"og:site_name\" content=\"Compra de oro: Comprem Or es l\u00edder en Catalu\u00f1a\" \/>\n<meta property=\"article:published_time\" content=\"2020-05-12T13:00:18+00:00\" \/>\n<meta property=\"og:image\" content=\"https:\/\/compremor.com\/wp-content\/uploads\/2020\/05\/kelly-sikkema-WIYtZU3PxsI-unsplash-scaled.jpg\" \/>\n\t<meta property=\"og:image:width\" content=\"2560\" \/>\n\t<meta property=\"og:image:height\" content=\"1707\" \/>\n\t<meta property=\"og:image:type\" content=\"image\/jpeg\" \/>\n<meta name=\"author\" content=\"compremor\" \/>\n<meta name=\"twitter:card\" content=\"summary_large_image\" \/>\n<meta name=\"twitter:label1\" content=\"Written by\" \/>\n\t<meta name=\"twitter:data1\" content=\"compremor\" \/>\n\t<meta name=\"twitter:label2\" content=\"Est. reading time\" \/>\n\t<meta name=\"twitter:data2\" content=\"3 minutes\" \/>\n<script type=\"application\/ld+json\" class=\"yoast-schema-graph\">{\"@context\":\"https:\/\/schema.org\",\"@graph\":[{\"@type\":\"Article\",\"@id\":\"https:\/\/compremor.com\/ca\/reapertura-de-las-tiendas-comprem-or-en-cataluna\/#article\",\"isPartOf\":{\"@id\":\"https:\/\/compremor.com\/ca\/reapertura-de-las-tiendas-comprem-or-en-cataluna\/\"},\"author\":{\"name\":\"compremor\",\"@id\":\"https:\/\/compremor.com\/ca\/#\/schema\/person\/928c9f06852109d85d43d6a9c149196b\"},\"headline\":\"Reapertura de las tiendas Comprem Or en Catalu\u00f1a\",\"datePublished\":\"2020-05-12T13:00:18+00:00\",\"mainEntityOfPage\":{\"@id\":\"https:\/\/compremor.com\/ca\/reapertura-de-las-tiendas-comprem-or-en-cataluna\/\"},\"wordCount\":612,\"publisher\":{\"@id\":\"https:\/\/compremor.com\/ca\/#organization\"},\"image\":{\"@id\":\"https:\/\/compremor.com\/ca\/reapertura-de-las-tiendas-comprem-or-en-cataluna\/#primaryimage\"},\"thumbnailUrl\":\"https:\/\/compremor.com\/wp-content\/uploads\/2020\/05\/kelly-sikkema-WIYtZU3PxsI-unsplash-scaled.jpg\",\"keywords\":[\"Coronavirus\",\"covid-19\",\"Oro\",\"Pandemia\",\"Previsiones\"],\"articleSection\":[\"Noticias\"],\"inLanguage\":\"ca\"},{\"@type\":\"WebPage\",\"@id\":\"https:\/\/compremor.com\/ca\/reapertura-de-las-tiendas-comprem-or-en-cataluna\/\",\"url\":\"https:\/\/compremor.com\/ca\/reapertura-de-las-tiendas-comprem-or-en-cataluna\/\",\"name\":\"Reapertura de las tiendas Comprem Or en Catalu\u00f1a - Comprem Or\",\"isPartOf\":{\"@id\":\"https:\/\/compremor.com\/ca\/#website\"},\"primaryImageOfPage\":{\"@id\":\"https:\/\/compremor.com\/ca\/reapertura-de-las-tiendas-comprem-or-en-cataluna\/#primaryimage\"},\"image\":{\"@id\":\"https:\/\/compremor.com\/ca\/reapertura-de-las-tiendas-comprem-or-en-cataluna\/#primaryimage\"},\"thumbnailUrl\":\"https:\/\/compremor.com\/wp-content\/uploads\/2020\/05\/kelly-sikkema-WIYtZU3PxsI-unsplash-scaled.jpg\",\"datePublished\":\"2020-05-12T13:00:18+00:00\",\"description\":\"Tras la incertidumbre y pese a estar a\u00fan en estado de alarma, las tiendas de Comprem Or est\u00e1n preparadas para velar por su seguridad.\",\"breadcrumb\":{\"@id\":\"https:\/\/compremor.com\/ca\/reapertura-de-las-tiendas-comprem-or-en-cataluna\/#breadcrumb\"},\"inLanguage\":\"ca\",\"potentialAction\":[{\"@type\":\"ReadAction\",\"target\":[\"https:\/\/compremor.com\/ca\/reapertura-de-las-tiendas-comprem-or-en-cataluna\/\"]}]},{\"@type\":\"ImageObject\",\"inLanguage\":\"ca\",\"@id\":\"https:\/\/compremor.com\/ca\/reapertura-de-las-tiendas-comprem-or-en-cataluna\/#primaryimage\",\"url\":\"https:\/\/compremor.com\/wp-content\/uploads\/2020\/05\/kelly-sikkema-WIYtZU3PxsI-unsplash-scaled.jpg\",\"contentUrl\":\"https:\/\/compremor.com\/wp-content\/uploads\/2020\/05\/kelly-sikkema-WIYtZU3PxsI-unsplash-scaled.jpg\",\"width\":2048,\"height\":1366,\"caption\":\"Reapertura Comprem Or\"},{\"@type\":\"BreadcrumbList\",\"@id\":\"https:\/\/compremor.com\/ca\/reapertura-de-las-tiendas-comprem-or-en-cataluna\/#breadcrumb\",\"itemListElement\":[{\"@type\":\"ListItem\",\"position\":1,\"name\":\"Home\",\"item\":\"https:\/\/compremor.com\/ca\/\"},{\"@type\":\"ListItem\",\"position\":2,\"name\":\"Reapertura de las tiendas Comprem Or en Catalu\u00f1a\"}]},{\"@type\":\"WebSite\",\"@id\":\"https:\/\/compremor.com\/ca\/#website\",\"url\":\"https:\/\/compremor.com\/ca\/\",\"name\":\"Compra de oro: Comprem Or es l\u00edder en Catalu\u00f1a\",\"description\":\"Somos un grupo de tiendas de compra de oro con m\u00e1s de 40 a\u00f1os de experiencia.\",\"publisher\":{\"@id\":\"https:\/\/compremor.com\/ca\/#organization\"},\"potentialAction\":[{\"@type\":\"SearchAction\",\"target\":{\"@type\":\"EntryPoint\",\"urlTemplate\":\"https:\/\/compremor.com\/ca\/?s={search_term_string}\"},\"query-input\":{\"@type\":\"PropertyValueSpecification\",\"valueRequired\":true,\"valueName\":\"search_term_string\"}}],\"inLanguage\":\"ca\"},{\"@type\":\"Organization\",\"@id\":\"https:\/\/compremor.com\/ca\/#organization\",\"name\":\"Comprem Or\",\"url\":\"https:\/\/compremor.com\/ca\/\",\"logo\":{\"@type\":\"ImageObject\",\"inLanguage\":\"ca\",\"@id\":\"https:\/\/compremor.com\/ca\/#\/schema\/logo\/image\/\",\"url\":\"http:\/\/compremor.com\/wp-content\/uploads\/2022\/05\/comprem-or-moneda.svg\",\"contentUrl\":\"http:\/\/compremor.com\/wp-content\/uploads\/2022\/05\/comprem-or-moneda.svg\",\"width\":195,\"height\":194,\"caption\":\"Comprem Or\"},\"image\":{\"@id\":\"https:\/\/compremor.com\/ca\/#\/schema\/logo\/image\/\"}},{\"@type\":\"Person\",\"@id\":\"https:\/\/compremor.com\/ca\/#\/schema\/person\/928c9f06852109d85d43d6a9c149196b\",\"name\":\"compremor\",\"image\":{\"@type\":\"ImageObject\",\"inLanguage\":\"ca\",\"@id\":\"https:\/\/compremor.com\/ca\/#\/schema\/person\/image\/\",\"url\":\"https:\/\/secure.gravatar.com\/avatar\/9edb1b7bbd9ba511389bd1856aeea098c1ff53d7b48dd496ae7d023548c86178?s=96&d=mm&r=g\",\"contentUrl\":\"https:\/\/secure.gravatar.com\/avatar\/9edb1b7bbd9ba511389bd1856aeea098c1ff53d7b48dd496ae7d023548c86178?s=96&d=mm&r=g\",\"caption\":\"compremor\"},\"sameAs\":[\"https:\/\/compremor.com\"],\"url\":\"https:\/\/compremor.com\/ca\/author\/compremor\/\"}]}<\/script>\n<!-- \/ Yoast SEO plugin. -->","yoast_head_json":{"title":"Reapertura de las tiendas Comprem Or en Catalu\u00f1a - Comprem Or","description":"Tras la incertidumbre y pese a estar a\u00fan en estado de alarma, las tiendas de Comprem Or est\u00e1n preparadas para velar por su seguridad.","robots":{"index":"index","follow":"follow","max-snippet":"max-snippet:-1","max-image-preview":"max-image-preview:large","max-video-preview":"max-video-preview:-1"},"canonical":"https:\/\/compremor.com\/ca\/reapertura-de-las-tiendas-comprem-or-en-cataluna\/","og_locale":"ca_ES","og_type":"article","og_title":"Reapertura de las tiendas Comprem Or en Catalu\u00f1a - Comprem Or","og_description":"Tras la incertidumbre y pese a estar a\u00fan en estado de alarma, las tiendas de Comprem Or est\u00e1n preparadas para velar por su seguridad.","og_url":"https:\/\/compremor.com\/ca\/reapertura-de-las-tiendas-comprem-or-en-cataluna\/","og_site_name":"Compra de oro: Comprem Or es l\u00edder en Catalu\u00f1a","article_published_time":"2020-05-12T13:00:18+00:00","og_image":[{"width":2560,"height":1707,"url":"https:\/\/compremor.com\/wp-content\/uploads\/2020\/05\/kelly-sikkema-WIYtZU3PxsI-unsplash-scaled.jpg","type":"image\/jpeg"}],"author":"compremor","twitter_card":"summary_large_image","twitter_misc":{"Written by":"compremor","Est. reading time":"3 minutes"},"schema":{"@context":"https:\/\/schema.org","@graph":[{"@type":"Article","@id":"https:\/\/compremor.com\/ca\/reapertura-de-las-tiendas-comprem-or-en-cataluna\/#article","isPartOf":{"@id":"https:\/\/compremor.com\/ca\/reapertura-de-las-tiendas-comprem-or-en-cataluna\/"},"author":{"name":"compremor","@id":"https:\/\/compremor.com\/ca\/#\/schema\/person\/928c9f06852109d85d43d6a9c149196b"},"headline":"Reapertura de las tiendas Comprem Or en Catalu\u00f1a","datePublished":"2020-05-12T13:00:18+00:00","mainEntityOfPage":{"@id":"https:\/\/compremor.com\/ca\/reapertura-de-las-tiendas-comprem-or-en-cataluna\/"},"wordCount":612,"publisher":{"@id":"https:\/\/compremor.com\/ca\/#organization"},"image":{"@id":"https:\/\/compremor.com\/ca\/reapertura-de-las-tiendas-comprem-or-en-cataluna\/#primaryimage"},"thumbnailUrl":"https:\/\/compremor.com\/wp-content\/uploads\/2020\/05\/kelly-sikkema-WIYtZU3PxsI-unsplash-scaled.jpg","keywords":["Coronavirus","covid-19","Oro","Pandemia","Previsiones"],"articleSection":["Noticias"],"inLanguage":"ca"},{"@type":"WebPage","@id":"https:\/\/compremor.com\/ca\/reapertura-de-las-tiendas-comprem-or-en-cataluna\/","url":"https:\/\/compremor.com\/ca\/reapertura-de-las-tiendas-comprem-or-en-cataluna\/","name":"Reapertura de las tiendas Comprem Or en Catalu\u00f1a - Comprem Or","isPartOf":{"@id":"https:\/\/compremor.com\/ca\/#website"},"primaryImageOfPage":{"@id":"https:\/\/compremor.com\/ca\/reapertura-de-las-tiendas-comprem-or-en-cataluna\/#primaryimage"},"image":{"@id":"https:\/\/compremor.com\/ca\/reapertura-de-las-tiendas-comprem-or-en-cataluna\/#primaryimage"},"thumbnailUrl":"https:\/\/compremor.com\/wp-content\/uploads\/2020\/05\/kelly-sikkema-WIYtZU3PxsI-unsplash-scaled.jpg","datePublished":"2020-05-12T13:00:18+00:00","description":"Tras la incertidumbre y pese a estar a\u00fan en estado de alarma, las tiendas de Comprem Or est\u00e1n preparadas para velar por su seguridad.","breadcrumb":{"@id":"https:\/\/compremor.com\/ca\/reapertura-de-las-tiendas-comprem-or-en-cataluna\/#breadcrumb"},"inLanguage":"ca","potentialAction":[{"@type":"ReadAction","target":["https:\/\/compremor.com\/ca\/reapertura-de-las-tiendas-comprem-or-en-cataluna\/"]}]},{"@type":"ImageObject","inLanguage":"ca","@id":"https:\/\/compremor.com\/ca\/reapertura-de-las-tiendas-comprem-or-en-cataluna\/#primaryimage","url":"https:\/\/compremor.com\/wp-content\/uploads\/2020\/05\/kelly-sikkema-WIYtZU3PxsI-unsplash-scaled.jpg","contentUrl":"https:\/\/compremor.com\/wp-content\/uploads\/2020\/05\/kelly-sikkema-WIYtZU3PxsI-unsplash-scaled.jpg","width":2048,"height":1366,"caption":"Reapertura Comprem Or"},{"@type":"BreadcrumbList","@id":"https:\/\/compremor.com\/ca\/reapertura-de-las-tiendas-comprem-or-en-cataluna\/#breadcrumb","itemListElement":[{"@type":"ListItem","position":1,"name":"Home","item":"https:\/\/compremor.com\/ca\/"},{"@type":"ListItem","position":2,"name":"Reapertura de las tiendas Comprem Or en Catalu\u00f1a"}]},{"@type":"WebSite","@id":"https:\/\/compremor.com\/ca\/#website","url":"https:\/\/compremor.com\/ca\/","name":"Compra de oro: Comprem Or es l\u00edder en Catalu\u00f1a","description":"Somos un grupo de tiendas de compra de oro con m\u00e1s de 40 a\u00f1os de experiencia.","publisher":{"@id":"https:\/\/compremor.com\/ca\/#organization"},"potentialAction":[{"@type":"SearchAction","target":{"@type":"EntryPoint","urlTemplate":"https:\/\/compremor.com\/ca\/?s={search_term_string}"},"query-input":{"@type":"PropertyValueSpecification","valueRequired":true,"valueName":"search_term_string"}}],"inLanguage":"ca"},{"@type":"Organization","@id":"https:\/\/compremor.com\/ca\/#organization","name":"Comprem Or","url":"https:\/\/compremor.com\/ca\/","logo":{"@type":"ImageObject","inLanguage":"ca","@id":"https:\/\/compremor.com\/ca\/#\/schema\/logo\/image\/","url":"http:\/\/compremor.com\/wp-content\/uploads\/2022\/05\/comprem-or-moneda.svg","contentUrl":"http:\/\/compremor.com\/wp-content\/uploads\/2022\/05\/comprem-or-moneda.svg","width":195,"height":194,"caption":"Comprem Or"},"image":{"@id":"https:\/\/compremor.com\/ca\/#\/schema\/logo\/image\/"}},{"@type":"Person","@id":"https:\/\/compremor.com\/ca\/#\/schema\/person\/928c9f06852109d85d43d6a9c149196b","name":"compremor","image":{"@type":"ImageObject","inLanguage":"ca","@id":"https:\/\/compremor.com\/ca\/#\/schema\/person\/image\/","url":"https:\/\/secure.gravatar.com\/avatar\/9edb1b7bbd9ba511389bd1856aeea098c1ff53d7b48dd496ae7d023548c86178?s=96&d=mm&r=g","contentUrl":"https:\/\/secure.gravatar.com\/avatar\/9edb1b7bbd9ba511389bd1856aeea098c1ff53d7b48dd496ae7d023548c86178?s=96&d=mm&r=g","caption":"compremor"},"sameAs":["https:\/\/compremor.com"],"url":"https:\/\/compremor.com\/ca\/author\/compremor\/"}]}},"_links":{"self":[{"href":"https:\/\/compremor.com\/ca\/wp-json\/wp\/v2\/posts\/3430","targetHints":{"allow":["GET"]}}],"collection":[{"href":"https:\/\/compremor.com\/ca\/wp-json\/wp\/v2\/posts"}],"about":[{"href":"https:\/\/compremor.com\/ca\/wp-json\/wp\/v2\/types\/post"}],"author":[{"embeddable":true,"href":"https:\/\/compremor.com\/ca\/wp-json\/wp\/v2\/users\/1"}],"replies":[{"embeddable":true,"href":"https:\/\/compremor.com\/ca\/wp-json\/wp\/v2\/comments?post=3430"}],"version-history":[{"count":0,"href":"https:\/\/compremor.com\/ca\/wp-json\/wp\/v2\/posts\/3430\/revisions"}],"wp:featuredmedia":[{"embeddable":true,"href":"https:\/\/compremor.com\/ca\/wp-json\/wp\/v2\/media\/2907"}],"wp:attachment":[{"href":"https:\/\/compremor.com\/ca\/wp-json\/wp\/v2\/media?parent=3430"}],"wp:term":[{"taxonomy":"category","embeddable":true,"href":"https:\/\/compremor.com\/ca\/wp-json\/wp\/v2\/categories?post=3430"},{"taxonomy":"post_tag","embeddable":true,"href":"https:\/\/compremor.com\/ca\/wp-json\/wp\/v2\/tags?post=3430"}],"curies":[{"name":"wp","href":"https:\/\/api.w.org\/{rel}","templated":true}]}}